{"id":11959,"date":"2019-12-10T23:26:43","date_gmt":"2019-12-10T23:26:43","guid":{"rendered":"https:\/\/tdgibelgium.com\/tdgi-au-15e-congres-national-de-maintenance-apmi-2019-braga\/"},"modified":"2021-03-18T14:34:25","modified_gmt":"2021-03-18T14:34:25","slug":"tdgi-at-the-15th-national-maintenance-congress-apmi-2019-braga","status":"publish","type":"post","link":"https:\/\/tdgibelgium.com\/nl\/tdgi-at-the-15th-national-maintenance-congress-apmi-2019-braga\/","title":{"rendered":"TDGI at the 15th National Maintenance Congress &#8211; APMI 2019 (Braga)"},"content":{"rendered":"<p>TDGI at the 15th National Maintenance Congress &#8211; APMI. Presentation by Eng. Jo\u00e3o Pedro Ribeiro, under the theme \u201cGroup replacement of quick wear components subject to alternative policies for corrective maintenance, systematic preventive and predictive preventive\u201d.<\/p>\n<p>TDGI at the 15th National Maintenance Congress. Presentation by Eng. Jo\u00e3o Pereira, under the theme \u201cRegister and Audit of Condition to Real Estate Assets\u201d.<\/p>\n<p>TDGI at the 15th National Maintenance Congress &#8211; APMI (Braga). Representation of Eng. Diogo Nunes at the dialogue table with the theme &#8220;Asset management and adaptation of maintenance in times of industrial revolution&#8221;.<\/p>\n<p><img loading=\"lazy\" decoding=\"async\" class=\"alignnone size-full wp-image-8373\" src=\"https:\/\/tdgibelgium.com\/wp-content\/uploads\/15\u00ba-Congresso-Nacional-de-Manuten\u00e7\u00e3o_3-1.jpg\" alt=\"A TDGI no 15o Congresso Nacional de Manuten\u00e7\u00e3o - APMI 2019 (Braga)\" width=\"1478\" height=\"1108\" srcset=\"https:\/\/tdgibelgium.com\/wp-content\/uploads\/15\u00ba-Congresso-Nacional-de-Manuten\u00e7\u00e3o_3-1.jpg 1478w, https:\/\/tdgibelgium.com\/wp-content\/uploads\/15\u00ba-Congresso-Nacional-de-Manuten\u00e7\u00e3o_3-1-768x576.jpg 768w, https:\/\/tdgibelgium.com\/wp-content\/uploads\/15\u00ba-Congresso-Nacional-de-Manuten\u00e7\u00e3o_3-1-705x529.jpg 705w, https:\/\/tdgibelgium.com\/wp-content\/uploads\/15\u00ba-Congresso-Nacional-de-Manuten\u00e7\u00e3o_3-1-450x337.jpg 450w, https:\/\/tdgibelgium.com\/wp-content\/uploads\/15\u00ba-Congresso-Nacional-de-Manuten\u00e7\u00e3o_3-1-31x23.jpg 31w\" sizes=\"auto, (max-width: 1478px) 100vw, 1478px\" \/><\/p>\n","protected":false},"excerpt":{"rendered":"<p>TDGI at the 15th National Maintenance Congress &#8211; APMI. Presentation by Eng. Jo\u00e3o Pedro Ribeiro, under the theme \u201cGroup replacement of quick wear components subject to alternative policies for corrective maintenance, systematic preventive and predictive preventive\u201d. TDGI at the 15th National Maintenance Congress. Presentation by Eng. Jo\u00e3o Pereira, under the theme \u201cRegister and Audit of [&hellip;]<\/p>\n","protected":false},"author":1,"featured_media":11960,"comment_status":"closed","ping_status":"closed","sticky":false,"template":"","format":"standard","meta":{"footnotes":"","_links_to":"","_links_to_target":""},"categories":[130],"tags":[],"class_list":["post-11959","post","type-post","status-publish","format-standard","has-post-thumbnail","hentry","category-2019-nl"],"yoast_head":"<!-- This site is optimized with the Yoast SEO plugin v27.2 - https:\/\/yoast.com\/product\/yoast-seo-wordpress\/ -->\n<title>TDGI at the 15th National Maintenance Congress - APMI 2019 (Braga) - TDGI Belgique et Luxembourg<\/title>\n<meta name=\"robots\" content=\"index, follow, max-snippet:-1, max-image-preview:large, max-video-preview:-1\" \/>\n<link rel=\"canonical\" href=\"https:\/\/tdgibelgium.com\/nl\/tdgi-at-the-15th-national-maintenance-congress-apmi-2019-braga\/\" \/>\n<meta property=\"og:locale\" content=\"nl_NL\" \/>\n<meta property=\"og:type\" content=\"article\" \/>\n<meta property=\"og:title\" content=\"TDGI at the 15th National Maintenance Congress - APMI 2019 (Braga) - TDGI Belgique et Luxembourg\" \/>\n<meta property=\"og:description\" content=\"TDGI at the 15th National Maintenance Congress &#8211; APMI. Presentation by Eng. Jo\u00e3o Pedro Ribeiro, under the theme \u201cGroup replacement of quick wear components subject to alternative policies for corrective maintenance, systematic preventive and predictive preventive\u201d. TDGI at the 15th National Maintenance Congress. Presentation by Eng. Jo\u00e3o Pereira, under the theme \u201cRegister and Audit of [&hellip;]\" \/>\n<meta property=\"og:url\" content=\"https:\/\/tdgibelgium.com\/nl\/tdgi-at-the-15th-national-maintenance-congress-apmi-2019-braga\/\" \/>\n<meta property=\"og:site_name\" content=\"TDGI Belgique et Luxembourg\" \/>\n<meta property=\"article:published_time\" content=\"2019-12-10T23:26:43+00:00\" \/>\n<meta property=\"article:modified_time\" content=\"2021-03-18T14:34:25+00:00\" \/>\n<meta property=\"og:image\" content=\"https:\/\/tdgibelgium.com\/wp-content\/uploads\/0005_15\u00ba-Congresso-Nacional-de-Manuten\u00e7\u00e3o_3-1.jpg\" \/>\n\t<meta property=\"og:image:width\" content=\"705\" \/>\n\t<meta property=\"og:image:height\" content=\"440\" \/>\n\t<meta property=\"og:image:type\" content=\"image\/jpeg\" \/>\n<meta name=\"author\" content=\"Admin TDGI\" \/>\n<meta name=\"twitter:card\" content=\"summary_large_image\" \/>\n<meta name=\"twitter:creator\" content=\"@TDGI_MKT\" \/>\n<meta name=\"twitter:site\" content=\"@TDGI_MKT\" \/>\n<meta name=\"twitter:label1\" content=\"Geschreven door\" \/>\n\t<meta name=\"twitter:data1\" content=\"Admin TDGI\" \/>\n\t<meta name=\"twitter:label2\" content=\"Geschatte leestijd\" \/>\n\t<meta name=\"twitter:data2\" content=\"1 minuut\" \/>\n<script type=\"application\/ld+json\" class=\"yoast-schema-graph\">{\"@context\":\"https:\/\/schema.org\",\"@graph\":[{\"@type\":\"Article\",\"@id\":\"https:\/\/tdgibelgium.com\/nl\/tdgi-at-the-15th-national-maintenance-congress-apmi-2019-braga\/#article\",\"isPartOf\":{\"@id\":\"https:\/\/tdgibelgium.com\/nl\/tdgi-at-the-15th-national-maintenance-congress-apmi-2019-braga\/\"},\"author\":{\"name\":\"Admin TDGI\",\"@id\":\"https:\/\/tdgibelgium.com\/#\/schema\/person\/5e1a3e1af649188a962c3d21b1c8be73\"},\"headline\":\"TDGI at the 15th National Maintenance Congress &#8211; APMI 2019 (Braga)\",\"datePublished\":\"2019-12-10T23:26:43+00:00\",\"dateModified\":\"2021-03-18T14:34:25+00:00\",\"mainEntityOfPage\":{\"@id\":\"https:\/\/tdgibelgium.com\/nl\/tdgi-at-the-15th-national-maintenance-congress-apmi-2019-braga\/\"},\"wordCount\":105,\"publisher\":{\"@id\":\"https:\/\/tdgibelgium.com\/#organization\"},\"image\":{\"@id\":\"https:\/\/tdgibelgium.com\/nl\/tdgi-at-the-15th-national-maintenance-congress-apmi-2019-braga\/#primaryimage\"},\"thumbnailUrl\":\"https:\/\/tdgibelgium.com\/wp-content\/uploads\/0005_15\u00ba-Congresso-Nacional-de-Manuten\u00e7\u00e3o_3-1.jpg\",\"articleSection\":[\"2019\"],\"inLanguage\":\"nl-NL\"},{\"@type\":\"WebPage\",\"@id\":\"https:\/\/tdgibelgium.com\/nl\/tdgi-at-the-15th-national-maintenance-congress-apmi-2019-braga\/\",\"url\":\"https:\/\/tdgibelgium.com\/nl\/tdgi-at-the-15th-national-maintenance-congress-apmi-2019-braga\/\",\"name\":\"TDGI at the 15th National Maintenance Congress - APMI 2019 (Braga) - TDGI Belgique et Luxembourg\",\"isPartOf\":{\"@id\":\"https:\/\/tdgibelgium.com\/#website\"},\"primaryImageOfPage\":{\"@id\":\"https:\/\/tdgibelgium.com\/nl\/tdgi-at-the-15th-national-maintenance-congress-apmi-2019-braga\/#primaryimage\"},\"image\":{\"@id\":\"https:\/\/tdgibelgium.com\/nl\/tdgi-at-the-15th-national-maintenance-congress-apmi-2019-braga\/#primaryimage\"},\"thumbnailUrl\":\"https:\/\/tdgibelgium.com\/wp-content\/uploads\/0005_15\u00ba-Congresso-Nacional-de-Manuten\u00e7\u00e3o_3-1.jpg\",\"datePublished\":\"2019-12-10T23:26:43+00:00\",\"dateModified\":\"2021-03-18T14:34:25+00:00\",\"breadcrumb\":{\"@id\":\"https:\/\/tdgibelgium.com\/nl\/tdgi-at-the-15th-national-maintenance-congress-apmi-2019-braga\/#breadcrumb\"},\"inLanguage\":\"nl-NL\",\"potentialAction\":[{\"@type\":\"ReadAction\",\"target\":[\"https:\/\/tdgibelgium.com\/nl\/tdgi-at-the-15th-national-maintenance-congress-apmi-2019-braga\/\"]}]},{\"@type\":\"ImageObject\",\"inLanguage\":\"nl-NL\",\"@id\":\"https:\/\/tdgibelgium.com\/nl\/tdgi-at-the-15th-national-maintenance-congress-apmi-2019-braga\/#primaryimage\",\"url\":\"https:\/\/tdgibelgium.com\/wp-content\/uploads\/0005_15\u00ba-Congresso-Nacional-de-Manuten\u00e7\u00e3o_3-1.jpg\",\"contentUrl\":\"https:\/\/tdgibelgium.com\/wp-content\/uploads\/0005_15\u00ba-Congresso-Nacional-de-Manuten\u00e7\u00e3o_3-1.jpg\",\"width\":705,\"height\":440,\"caption\":\"TDGI AU 15E CONGR\u00c8S NATIONAL DE MAINTENANCE \u2013 APMI 2019. (BRAGA)\"},{\"@type\":\"BreadcrumbList\",\"@id\":\"https:\/\/tdgibelgium.com\/nl\/tdgi-at-the-15th-national-maintenance-congress-apmi-2019-braga\/#breadcrumb\",\"itemListElement\":[{\"@type\":\"ListItem\",\"position\":1,\"name\":\"In\u00edcio\",\"item\":\"https:\/\/tdgibelgium.com\/nl\/home\/\"},{\"@type\":\"ListItem\",\"position\":2,\"name\":\"TDGI at the 15th National Maintenance Congress &#8211; APMI 2019 (Braga)\"}]},{\"@type\":\"WebSite\",\"@id\":\"https:\/\/tdgibelgium.com\/#website\",\"url\":\"https:\/\/tdgibelgium.com\/\",\"name\":\"TDGI Belgique et Luxembourg\",\"description\":\"\",\"publisher\":{\"@id\":\"https:\/\/tdgibelgium.com\/#organization\"},\"potentialAction\":[{\"@type\":\"SearchAction\",\"target\":{\"@type\":\"EntryPoint\",\"urlTemplate\":\"https:\/\/tdgibelgium.com\/?s={search_term_string}\"},\"query-input\":{\"@type\":\"PropertyValueSpecification\",\"valueRequired\":true,\"valueName\":\"search_term_string\"}}],\"inLanguage\":\"nl-NL\"},{\"@type\":\"Organization\",\"@id\":\"https:\/\/tdgibelgium.com\/#organization\",\"name\":\"TDGI Portugal\",\"url\":\"https:\/\/tdgibelgium.com\/\",\"logo\":{\"@type\":\"ImageObject\",\"inLanguage\":\"nl-NL\",\"@id\":\"https:\/\/tdgibelgium.com\/#\/schema\/logo\/image\/\",\"url\":\"https:\/\/tdgibelgium.com\/wp-content\/uploads\/2018\/01\/logo_TDGI_home_2.png\",\"contentUrl\":\"https:\/\/tdgibelgium.com\/wp-content\/uploads\/2018\/01\/logo_TDGI_home_2.png\",\"width\":170,\"height\":77,\"caption\":\"TDGI Portugal\"},\"image\":{\"@id\":\"https:\/\/tdgibelgium.com\/#\/schema\/logo\/image\/\"},\"sameAs\":[\"https:\/\/x.com\/TDGI_MKT\",\"https:\/\/www.linkedin.com\/company\/tdgi-s-a----tecnologia-de-gest-o-de-im-veis-s-a-?trk=vsrp_companies_res_name&amp;amp;amp;amp;amp;amp;amp;amp;amp;amp;amp;amp;amp;amp;trkInfo=VSRPsearchId:628596361443539372973,VSRPtargetId:372731,VSRPcmpt:primary\",\"https:\/\/www.linkedin.com\/company\/tdgi-s-a----tecnologia-de-gest-o-de-im-veis-s-a-?trk=vsrp_companies_res_name&amp;amp;amp;amp;amp;amp;amp;amp;amp;amp;amp;amp;trkInfo=VSRPsearchId:628596361443539372973,VSRPtargetId:372731,VSRPcmpt:primary\",\"https:\/\/www.youtube.com\/user\/TDGIWorld\"]},{\"@type\":\"Person\",\"@id\":\"https:\/\/tdgibelgium.com\/#\/schema\/person\/5e1a3e1af649188a962c3d21b1c8be73\",\"name\":\"Admin TDGI\",\"image\":{\"@type\":\"ImageObject\",\"inLanguage\":\"nl-NL\",\"@id\":\"https:\/\/secure.gravatar.com\/avatar\/04ac348f36427137dc9b938816c6466cfcfeb2b9084edc7467217e324922e2d3?s=96&d=mm&r=g\",\"url\":\"https:\/\/secure.gravatar.com\/avatar\/04ac348f36427137dc9b938816c6466cfcfeb2b9084edc7467217e324922e2d3?s=96&d=mm&r=g\",\"contentUrl\":\"https:\/\/secure.gravatar.com\/avatar\/04ac348f36427137dc9b938816c6466cfcfeb2b9084edc7467217e324922e2d3?s=96&d=mm&r=g\",\"caption\":\"Admin TDGI\"}}]}<\/script>\n<!-- \/ Yoast SEO plugin. -->","yoast_head_json":{"title":"TDGI at the 15th National Maintenance Congress - APMI 2019 (Braga) - TDGI Belgique et Luxembourg","robots":{"index":"index","follow":"follow","max-snippet":"max-snippet:-1","max-image-preview":"max-image-preview:large","max-video-preview":"max-video-preview:-1"},"canonical":"https:\/\/tdgibelgium.com\/nl\/tdgi-at-the-15th-national-maintenance-congress-apmi-2019-braga\/","og_locale":"nl_NL","og_type":"article","og_title":"TDGI at the 15th National Maintenance Congress - APMI 2019 (Braga) - TDGI Belgique et Luxembourg","og_description":"TDGI at the 15th National Maintenance Congress &#8211; APMI. Presentation by Eng. Jo\u00e3o Pedro Ribeiro, under the theme \u201cGroup replacement of quick wear components subject to alternative policies for corrective maintenance, systematic preventive and predictive preventive\u201d. TDGI at the 15th National Maintenance Congress. Presentation by Eng. Jo\u00e3o Pereira, under the theme \u201cRegister and Audit of [&hellip;]","og_url":"https:\/\/tdgibelgium.com\/nl\/tdgi-at-the-15th-national-maintenance-congress-apmi-2019-braga\/","og_site_name":"TDGI Belgique et Luxembourg","article_published_time":"2019-12-10T23:26:43+00:00","article_modified_time":"2021-03-18T14:34:25+00:00","og_image":[{"width":705,"height":440,"url":"https:\/\/tdgibelgium.com\/wp-content\/uploads\/0005_15\u00ba-Congresso-Nacional-de-Manuten\u00e7\u00e3o_3-1.jpg","type":"image\/jpeg"}],"author":"Admin TDGI","twitter_card":"summary_large_image","twitter_creator":"@TDGI_MKT","twitter_site":"@TDGI_MKT","twitter_misc":{"Geschreven door":"Admin TDGI","Geschatte leestijd":"1 minuut"},"schema":{"@context":"https:\/\/schema.org","@graph":[{"@type":"Article","@id":"https:\/\/tdgibelgium.com\/nl\/tdgi-at-the-15th-national-maintenance-congress-apmi-2019-braga\/#article","isPartOf":{"@id":"https:\/\/tdgibelgium.com\/nl\/tdgi-at-the-15th-national-maintenance-congress-apmi-2019-braga\/"},"author":{"name":"Admin TDGI","@id":"https:\/\/tdgibelgium.com\/#\/schema\/person\/5e1a3e1af649188a962c3d21b1c8be73"},"headline":"TDGI at the 15th National Maintenance Congress &#8211; APMI 2019 (Braga)","datePublished":"2019-12-10T23:26:43+00:00","dateModified":"2021-03-18T14:34:25+00:00","mainEntityOfPage":{"@id":"https:\/\/tdgibelgium.com\/nl\/tdgi-at-the-15th-national-maintenance-congress-apmi-2019-braga\/"},"wordCount":105,"publisher":{"@id":"https:\/\/tdgibelgium.com\/#organization"},"image":{"@id":"https:\/\/tdgibelgium.com\/nl\/tdgi-at-the-15th-national-maintenance-congress-apmi-2019-braga\/#primaryimage"},"thumbnailUrl":"https:\/\/tdgibelgium.com\/wp-content\/uploads\/0005_15\u00ba-Congresso-Nacional-de-Manuten\u00e7\u00e3o_3-1.jpg","articleSection":["2019"],"inLanguage":"nl-NL"},{"@type":"WebPage","@id":"https:\/\/tdgibelgium.com\/nl\/tdgi-at-the-15th-national-maintenance-congress-apmi-2019-braga\/","url":"https:\/\/tdgibelgium.com\/nl\/tdgi-at-the-15th-national-maintenance-congress-apmi-2019-braga\/","name":"TDGI at the 15th National Maintenance Congress - APMI 2019 (Braga) - TDGI Belgique et Luxembourg","isPartOf":{"@id":"https:\/\/tdgibelgium.com\/#website"},"primaryImageOfPage":{"@id":"https:\/\/tdgibelgium.com\/nl\/tdgi-at-the-15th-national-maintenance-congress-apmi-2019-braga\/#primaryimage"},"image":{"@id":"https:\/\/tdgibelgium.com\/nl\/tdgi-at-the-15th-national-maintenance-congress-apmi-2019-braga\/#primaryimage"},"thumbnailUrl":"https:\/\/tdgibelgium.com\/wp-content\/uploads\/0005_15\u00ba-Congresso-Nacional-de-Manuten\u00e7\u00e3o_3-1.jpg","datePublished":"2019-12-10T23:26:43+00:00","dateModified":"2021-03-18T14:34:25+00:00","breadcrumb":{"@id":"https:\/\/tdgibelgium.com\/nl\/tdgi-at-the-15th-national-maintenance-congress-apmi-2019-braga\/#breadcrumb"},"inLanguage":"nl-NL","potentialAction":[{"@type":"ReadAction","target":["https:\/\/tdgibelgium.com\/nl\/tdgi-at-the-15th-national-maintenance-congress-apmi-2019-braga\/"]}]},{"@type":"ImageObject","inLanguage":"nl-NL","@id":"https:\/\/tdgibelgium.com\/nl\/tdgi-at-the-15th-national-maintenance-congress-apmi-2019-braga\/#primaryimage","url":"https:\/\/tdgibelgium.com\/wp-content\/uploads\/0005_15\u00ba-Congresso-Nacional-de-Manuten\u00e7\u00e3o_3-1.jpg","contentUrl":"https:\/\/tdgibelgium.com\/wp-content\/uploads\/0005_15\u00ba-Congresso-Nacional-de-Manuten\u00e7\u00e3o_3-1.jpg","width":705,"height":440,"caption":"TDGI AU 15E CONGR\u00c8S NATIONAL DE MAINTENANCE \u2013 APMI 2019. (BRAGA)"},{"@type":"BreadcrumbList","@id":"https:\/\/tdgibelgium.com\/nl\/tdgi-at-the-15th-national-maintenance-congress-apmi-2019-braga\/#breadcrumb","itemListElement":[{"@type":"ListItem","position":1,"name":"In\u00edcio","item":"https:\/\/tdgibelgium.com\/nl\/home\/"},{"@type":"ListItem","position":2,"name":"TDGI at the 15th National Maintenance Congress &#8211; APMI 2019 (Braga)"}]},{"@type":"WebSite","@id":"https:\/\/tdgibelgium.com\/#website","url":"https:\/\/tdgibelgium.com\/","name":"TDGI Belgique et Luxembourg","description":"","publisher":{"@id":"https:\/\/tdgibelgium.com\/#organization"},"potentialAction":[{"@type":"SearchAction","target":{"@type":"EntryPoint","urlTemplate":"https:\/\/tdgibelgium.com\/?s={search_term_string}"},"query-input":{"@type":"PropertyValueSpecification","valueRequired":true,"valueName":"search_term_string"}}],"inLanguage":"nl-NL"},{"@type":"Organization","@id":"https:\/\/tdgibelgium.com\/#organization","name":"TDGI Portugal","url":"https:\/\/tdgibelgium.com\/","logo":{"@type":"ImageObject","inLanguage":"nl-NL","@id":"https:\/\/tdgibelgium.com\/#\/schema\/logo\/image\/","url":"https:\/\/tdgibelgium.com\/wp-content\/uploads\/2018\/01\/logo_TDGI_home_2.png","contentUrl":"https:\/\/tdgibelgium.com\/wp-content\/uploads\/2018\/01\/logo_TDGI_home_2.png","width":170,"height":77,"caption":"TDGI Portugal"},"image":{"@id":"https:\/\/tdgibelgium.com\/#\/schema\/logo\/image\/"},"sameAs":["https:\/\/x.com\/TDGI_MKT","https:\/\/www.linkedin.com\/company\/tdgi-s-a----tecnologia-de-gest-o-de-im-veis-s-a-?trk=vsrp_companies_res_name&amp;amp;amp;amp;amp;amp;amp;amp;amp;amp;amp;amp;amp;amp;trkInfo=VSRPsearchId:628596361443539372973,VSRPtargetId:372731,VSRPcmpt:primary","https:\/\/www.linkedin.com\/company\/tdgi-s-a----tecnologia-de-gest-o-de-im-veis-s-a-?trk=vsrp_companies_res_name&amp;amp;amp;amp;amp;amp;amp;amp;amp;amp;amp;amp;trkInfo=VSRPsearchId:628596361443539372973,VSRPtargetId:372731,VSRPcmpt:primary","https:\/\/www.youtube.com\/user\/TDGIWorld"]},{"@type":"Person","@id":"https:\/\/tdgibelgium.com\/#\/schema\/person\/5e1a3e1af649188a962c3d21b1c8be73","name":"Admin TDGI","image":{"@type":"ImageObject","inLanguage":"nl-NL","@id":"https:\/\/secure.gravatar.com\/avatar\/04ac348f36427137dc9b938816c6466cfcfeb2b9084edc7467217e324922e2d3?s=96&d=mm&r=g","url":"https:\/\/secure.gravatar.com\/avatar\/04ac348f36427137dc9b938816c6466cfcfeb2b9084edc7467217e324922e2d3?s=96&d=mm&r=g","contentUrl":"https:\/\/secure.gravatar.com\/avatar\/04ac348f36427137dc9b938816c6466cfcfeb2b9084edc7467217e324922e2d3?s=96&d=mm&r=g","caption":"Admin TDGI"}}]}},"_links":{"self":[{"href":"https:\/\/tdgibelgium.com\/nl\/wp-json\/wp\/v2\/posts\/11959","targetHints":{"allow":["GET"]}}],"collection":[{"href":"https:\/\/tdgibelgium.com\/nl\/wp-json\/wp\/v2\/posts"}],"about":[{"href":"https:\/\/tdgibelgium.com\/nl\/wp-json\/wp\/v2\/types\/post"}],"author":[{"embeddable":true,"href":"https:\/\/tdgibelgium.com\/nl\/wp-json\/wp\/v2\/users\/1"}],"replies":[{"embeddable":true,"href":"https:\/\/tdgibelgium.com\/nl\/wp-json\/wp\/v2\/comments?post=11959"}],"version-history":[{"count":3,"href":"https:\/\/tdgibelgium.com\/nl\/wp-json\/wp\/v2\/posts\/11959\/revisions"}],"predecessor-version":[{"id":12234,"href":"https:\/\/tdgibelgium.com\/nl\/wp-json\/wp\/v2\/posts\/11959\/revisions\/12234"}],"wp:featuredmedia":[{"embeddable":true,"href":"https:\/\/tdgibelgium.com\/nl\/wp-json\/wp\/v2\/media\/11960"}],"wp:attachment":[{"href":"https:\/\/tdgibelgium.com\/nl\/wp-json\/wp\/v2\/media?parent=11959"}],"wp:term":[{"taxonomy":"category","embeddable":true,"href":"https:\/\/tdgibelgium.com\/nl\/wp-json\/wp\/v2\/categories?post=11959"},{"taxonomy":"post_tag","embeddable":true,"href":"https:\/\/tdgibelgium.com\/nl\/wp-json\/wp\/v2\/tags?post=11959"}],"curies":[{"name":"wp","href":"https:\/\/api.w.org\/{rel}","templated":true}]}}