{"id":12514,"date":"2015-10-20T16:38:13","date_gmt":"2015-10-20T16:38:13","guid":{"rendered":"https:\/\/tdgibelgium.com\/2nd-international-congress-lusiadas-saude\/"},"modified":"2021-03-18T14:40:21","modified_gmt":"2021-03-18T14:40:21","slug":"2nd-international-congress-lusiadas-saude","status":"publish","type":"post","link":"https:\/\/tdgibelgium.com\/nl\/2nd-international-congress-lusiadas-saude\/","title":{"rendered":"2nd INTERNATIONAL CONGRESS LUS\u00cdADAS SA\u00daDE"},"content":{"rendered":"<div class=\"article-body columns small-12 medium-12 large-6\">\n<p><img loading=\"lazy\" decoding=\"async\" class=\"alignnone size-full wp-image-1240\" src=\"https:\/\/tdgibelgium.com\/wp-content\/uploads\/NOTICIAS_2015_2_congresso_lusiadas_saude.jpg\" alt=\"2\u00ba Congresso Internacional Lus\u00edadas Sa\u00fade. TDGI Portugal\" width=\"1080\" height=\"674\" srcset=\"https:\/\/tdgibelgium.com\/wp-content\/uploads\/NOTICIAS_2015_2_congresso_lusiadas_saude.jpg 1080w, https:\/\/tdgibelgium.com\/wp-content\/uploads\/NOTICIAS_2015_2_congresso_lusiadas_saude-150x94.jpg 150w, https:\/\/tdgibelgium.com\/wp-content\/uploads\/NOTICIAS_2015_2_congresso_lusiadas_saude-1024x639.jpg 1024w, https:\/\/tdgibelgium.com\/wp-content\/uploads\/NOTICIAS_2015_2_congresso_lusiadas_saude-768x479.jpg 768w, https:\/\/tdgibelgium.com\/wp-content\/uploads\/NOTICIAS_2015_2_congresso_lusiadas_saude-705x440.jpg 705w, https:\/\/tdgibelgium.com\/wp-content\/uploads\/NOTICIAS_2015_2_congresso_lusiadas_saude-450x281.jpg 450w, https:\/\/tdgibelgium.com\/wp-content\/uploads\/NOTICIAS_2015_2_congresso_lusiadas_saude-31x19.jpg 31w, https:\/\/tdgibelgium.com\/wp-content\/uploads\/NOTICIAS_2015_2_congresso_lusiadas_saude-300x187.jpg 300w\" sizes=\"auto, (max-width: 1080px) 100vw, 1080px\" \/><\/p>\n<p>TDGI went to the 2nd International Congress Lus\u00edadas Sa\u00fade, held last October 17 at the Hotel The Oitavos in Cascais.<\/p>\n<\/div>\n<div class=\"article-body columns small-12 medium-12 large-6\">The event, which brought together national and internationally renowned experts, aimed to promote the professional growth of participants by sharing knowledge around themes and techniques relevant to health.<\/div>\n<div><\/div>\n<div class=\"article-body columns small-12 medium-12 large-6\">TDGI\u2019s presence wanted to disclose the brand in the hospital \u00e1rea, in which it operates in the sectors of FM &amp; Equipment and Medical Systems Maintenance.<\/div>\n","protected":false},"excerpt":{"rendered":"<p>TDGI went to the 2nd International Congress Lus\u00edadas Sa\u00fade, held last October 17 at the Hotel The Oitavos in Cascais. The event, which brought together national and internationally renowned experts, aimed to promote the professional growth of participants by sharing knowledge around themes and techniques relevant to health. TDGI\u2019s presence wanted to disclose the brand [&hellip;]<\/p>\n","protected":false},"author":1,"featured_media":12515,"comment_status":"closed","ping_status":"closed","sticky":false,"template":"","format":"standard","meta":{"footnotes":"","_links_to":"","_links_to_target":""},"categories":[139],"tags":[],"class_list":["post-12514","post","type-post","status-publish","format-standard","has-post-thumbnail","hentry","category-2015-en-nl"],"yoast_head":"<!-- This site is optimized with the Yoast SEO plugin v27.2 - https:\/\/yoast.com\/product\/yoast-seo-wordpress\/ -->\n<title>2nd INTERNATIONAL CONGRESS LUS\u00cdADAS SA\u00daDE - TDGI Belgique et Luxembourg<\/title>\n<meta name=\"robots\" content=\"index, follow, max-snippet:-1, max-image-preview:large, max-video-preview:-1\" \/>\n<link rel=\"canonical\" href=\"https:\/\/tdgibelgium.com\/nl\/2nd-international-congress-lusiadas-saude\/\" \/>\n<meta property=\"og:locale\" content=\"nl_NL\" \/>\n<meta property=\"og:type\" content=\"article\" \/>\n<meta property=\"og:title\" content=\"2nd INTERNATIONAL CONGRESS LUS\u00cdADAS SA\u00daDE - TDGI Belgique et Luxembourg\" \/>\n<meta property=\"og:description\" content=\"TDGI went to the 2nd International Congress Lus\u00edadas Sa\u00fade, held last October 17 at the Hotel The Oitavos in Cascais. The event, which brought together national and internationally renowned experts, aimed to promote the professional growth of participants by sharing knowledge around themes and techniques relevant to health. TDGI\u2019s presence wanted to disclose the brand [&hellip;]\" \/>\n<meta property=\"og:url\" content=\"https:\/\/tdgibelgium.com\/nl\/2nd-international-congress-lusiadas-saude\/\" \/>\n<meta property=\"og:site_name\" content=\"TDGI Belgique et Luxembourg\" \/>\n<meta property=\"article:published_time\" content=\"2015-10-20T16:38:13+00:00\" \/>\n<meta property=\"article:modified_time\" content=\"2021-03-18T14:40:21+00:00\" \/>\n<meta property=\"og:image\" content=\"https:\/\/tdgibelgium.com\/wp-content\/uploads\/NOTICIAS_2015_2_congresso_lusiadas_saude.jpg\" \/>\n\t<meta property=\"og:image:width\" content=\"1080\" \/>\n\t<meta property=\"og:image:height\" content=\"674\" \/>\n\t<meta property=\"og:image:type\" content=\"image\/jpeg\" \/>\n<meta name=\"author\" content=\"Admin TDGI\" \/>\n<meta name=\"twitter:card\" content=\"summary_large_image\" \/>\n<meta name=\"twitter:creator\" content=\"@TDGI_MKT\" \/>\n<meta name=\"twitter:site\" content=\"@TDGI_MKT\" \/>\n<meta name=\"twitter:label1\" content=\"Geschreven door\" \/>\n\t<meta name=\"twitter:data1\" content=\"Admin TDGI\" \/>\n<script type=\"application\/ld+json\" class=\"yoast-schema-graph\">{\"@context\":\"https:\/\/schema.org\",\"@graph\":[{\"@type\":\"Article\",\"@id\":\"https:\/\/tdgibelgium.com\/nl\/2nd-international-congress-lusiadas-saude\/#article\",\"isPartOf\":{\"@id\":\"https:\/\/tdgibelgium.com\/nl\/2nd-international-congress-lusiadas-saude\/\"},\"author\":{\"name\":\"Admin TDGI\",\"@id\":\"https:\/\/tdgibelgium.com\/#\/schema\/person\/5e1a3e1af649188a962c3d21b1c8be73\"},\"headline\":\"2nd INTERNATIONAL CONGRESS LUS\u00cdADAS SA\u00daDE\",\"datePublished\":\"2015-10-20T16:38:13+00:00\",\"dateModified\":\"2021-03-18T14:40:21+00:00\",\"mainEntityOfPage\":{\"@id\":\"https:\/\/tdgibelgium.com\/nl\/2nd-international-congress-lusiadas-saude\/\"},\"wordCount\":83,\"publisher\":{\"@id\":\"https:\/\/tdgibelgium.com\/#organization\"},\"image\":{\"@id\":\"https:\/\/tdgibelgium.com\/nl\/2nd-international-congress-lusiadas-saude\/#primaryimage\"},\"thumbnailUrl\":\"https:\/\/tdgibelgium.com\/wp-content\/uploads\/NOTICIAS_2015_2_congresso_lusiadas_saude.jpg\",\"articleSection\":[\"2015\"],\"inLanguage\":\"nl-NL\"},{\"@type\":\"WebPage\",\"@id\":\"https:\/\/tdgibelgium.com\/nl\/2nd-international-congress-lusiadas-saude\/\",\"url\":\"https:\/\/tdgibelgium.com\/nl\/2nd-international-congress-lusiadas-saude\/\",\"name\":\"2nd INTERNATIONAL CONGRESS LUS\u00cdADAS SA\u00daDE - TDGI Belgique et Luxembourg\",\"isPartOf\":{\"@id\":\"https:\/\/tdgibelgium.com\/#website\"},\"primaryImageOfPage\":{\"@id\":\"https:\/\/tdgibelgium.com\/nl\/2nd-international-congress-lusiadas-saude\/#primaryimage\"},\"image\":{\"@id\":\"https:\/\/tdgibelgium.com\/nl\/2nd-international-congress-lusiadas-saude\/#primaryimage\"},\"thumbnailUrl\":\"https:\/\/tdgibelgium.com\/wp-content\/uploads\/NOTICIAS_2015_2_congresso_lusiadas_saude.jpg\",\"datePublished\":\"2015-10-20T16:38:13+00:00\",\"dateModified\":\"2021-03-18T14:40:21+00:00\",\"breadcrumb\":{\"@id\":\"https:\/\/tdgibelgium.com\/nl\/2nd-international-congress-lusiadas-saude\/#breadcrumb\"},\"inLanguage\":\"nl-NL\",\"potentialAction\":[{\"@type\":\"ReadAction\",\"target\":[\"https:\/\/tdgibelgium.com\/nl\/2nd-international-congress-lusiadas-saude\/\"]}]},{\"@type\":\"ImageObject\",\"inLanguage\":\"nl-NL\",\"@id\":\"https:\/\/tdgibelgium.com\/nl\/2nd-international-congress-lusiadas-saude\/#primaryimage\",\"url\":\"https:\/\/tdgibelgium.com\/wp-content\/uploads\/NOTICIAS_2015_2_congresso_lusiadas_saude.jpg\",\"contentUrl\":\"https:\/\/tdgibelgium.com\/wp-content\/uploads\/NOTICIAS_2015_2_congresso_lusiadas_saude.jpg\",\"width\":1080,\"height\":674,\"caption\":\"2E CONGR\u00c8S INTERNATIONAL LUS\u00cdADAS SA\u00daDE\"},{\"@type\":\"BreadcrumbList\",\"@id\":\"https:\/\/tdgibelgium.com\/nl\/2nd-international-congress-lusiadas-saude\/#breadcrumb\",\"itemListElement\":[{\"@type\":\"ListItem\",\"position\":1,\"name\":\"In\u00edcio\",\"item\":\"https:\/\/tdgibelgium.com\/nl\/home\/\"},{\"@type\":\"ListItem\",\"position\":2,\"name\":\"2nd INTERNATIONAL CONGRESS LUS\u00cdADAS SA\u00daDE\"}]},{\"@type\":\"WebSite\",\"@id\":\"https:\/\/tdgibelgium.com\/#website\",\"url\":\"https:\/\/tdgibelgium.com\/\",\"name\":\"TDGI Belgique et Luxembourg\",\"description\":\"\",\"publisher\":{\"@id\":\"https:\/\/tdgibelgium.com\/#organization\"},\"potentialAction\":[{\"@type\":\"SearchAction\",\"target\":{\"@type\":\"EntryPoint\",\"urlTemplate\":\"https:\/\/tdgibelgium.com\/?s={search_term_string}\"},\"query-input\":{\"@type\":\"PropertyValueSpecification\",\"valueRequired\":true,\"valueName\":\"search_term_string\"}}],\"inLanguage\":\"nl-NL\"},{\"@type\":\"Organization\",\"@id\":\"https:\/\/tdgibelgium.com\/#organization\",\"name\":\"TDGI Portugal\",\"url\":\"https:\/\/tdgibelgium.com\/\",\"logo\":{\"@type\":\"ImageObject\",\"inLanguage\":\"nl-NL\",\"@id\":\"https:\/\/tdgibelgium.com\/#\/schema\/logo\/image\/\",\"url\":\"https:\/\/tdgibelgium.com\/wp-content\/uploads\/2018\/01\/logo_TDGI_home_2.png\",\"contentUrl\":\"https:\/\/tdgibelgium.com\/wp-content\/uploads\/2018\/01\/logo_TDGI_home_2.png\",\"width\":170,\"height\":77,\"caption\":\"TDGI Portugal\"},\"image\":{\"@id\":\"https:\/\/tdgibelgium.com\/#\/schema\/logo\/image\/\"},\"sameAs\":[\"https:\/\/x.com\/TDGI_MKT\",\"https:\/\/www.linkedin.com\/company\/tdgi-s-a----tecnologia-de-gest-o-de-im-veis-s-a-?trk=vsrp_companies_res_name&amp;amp;amp;amp;amp;amp;amp;amp;amp;amp;amp;amp;amp;amp;trkInfo=VSRPsearchId:628596361443539372973,VSRPtargetId:372731,VSRPcmpt:primary\",\"https:\/\/www.linkedin.com\/company\/tdgi-s-a----tecnologia-de-gest-o-de-im-veis-s-a-?trk=vsrp_companies_res_name&amp;amp;amp;amp;amp;amp;amp;amp;amp;amp;amp;amp;trkInfo=VSRPsearchId:628596361443539372973,VSRPtargetId:372731,VSRPcmpt:primary\",\"https:\/\/www.youtube.com\/user\/TDGIWorld\"]},{\"@type\":\"Person\",\"@id\":\"https:\/\/tdgibelgium.com\/#\/schema\/person\/5e1a3e1af649188a962c3d21b1c8be73\",\"name\":\"Admin TDGI\",\"image\":{\"@type\":\"ImageObject\",\"inLanguage\":\"nl-NL\",\"@id\":\"https:\/\/secure.gravatar.com\/avatar\/04ac348f36427137dc9b938816c6466cfcfeb2b9084edc7467217e324922e2d3?s=96&d=mm&r=g\",\"url\":\"https:\/\/secure.gravatar.com\/avatar\/04ac348f36427137dc9b938816c6466cfcfeb2b9084edc7467217e324922e2d3?s=96&d=mm&r=g\",\"contentUrl\":\"https:\/\/secure.gravatar.com\/avatar\/04ac348f36427137dc9b938816c6466cfcfeb2b9084edc7467217e324922e2d3?s=96&d=mm&r=g\",\"caption\":\"Admin TDGI\"}}]}<\/script>\n<!-- \/ Yoast SEO plugin. -->","yoast_head_json":{"title":"2nd INTERNATIONAL CONGRESS LUS\u00cdADAS SA\u00daDE - TDGI Belgique et Luxembourg","robots":{"index":"index","follow":"follow","max-snippet":"max-snippet:-1","max-image-preview":"max-image-preview:large","max-video-preview":"max-video-preview:-1"},"canonical":"https:\/\/tdgibelgium.com\/nl\/2nd-international-congress-lusiadas-saude\/","og_locale":"nl_NL","og_type":"article","og_title":"2nd INTERNATIONAL CONGRESS LUS\u00cdADAS SA\u00daDE - TDGI Belgique et Luxembourg","og_description":"TDGI went to the 2nd International Congress Lus\u00edadas Sa\u00fade, held last October 17 at the Hotel The Oitavos in Cascais. The event, which brought together national and internationally renowned experts, aimed to promote the professional growth of participants by sharing knowledge around themes and techniques relevant to health. TDGI\u2019s presence wanted to disclose the brand [&hellip;]","og_url":"https:\/\/tdgibelgium.com\/nl\/2nd-international-congress-lusiadas-saude\/","og_site_name":"TDGI Belgique et Luxembourg","article_published_time":"2015-10-20T16:38:13+00:00","article_modified_time":"2021-03-18T14:40:21+00:00","og_image":[{"width":1080,"height":674,"url":"https:\/\/tdgibelgium.com\/wp-content\/uploads\/NOTICIAS_2015_2_congresso_lusiadas_saude.jpg","type":"image\/jpeg"}],"author":"Admin TDGI","twitter_card":"summary_large_image","twitter_creator":"@TDGI_MKT","twitter_site":"@TDGI_MKT","twitter_misc":{"Geschreven door":"Admin TDGI"},"schema":{"@context":"https:\/\/schema.org","@graph":[{"@type":"Article","@id":"https:\/\/tdgibelgium.com\/nl\/2nd-international-congress-lusiadas-saude\/#article","isPartOf":{"@id":"https:\/\/tdgibelgium.com\/nl\/2nd-international-congress-lusiadas-saude\/"},"author":{"name":"Admin TDGI","@id":"https:\/\/tdgibelgium.com\/#\/schema\/person\/5e1a3e1af649188a962c3d21b1c8be73"},"headline":"2nd INTERNATIONAL CONGRESS LUS\u00cdADAS SA\u00daDE","datePublished":"2015-10-20T16:38:13+00:00","dateModified":"2021-03-18T14:40:21+00:00","mainEntityOfPage":{"@id":"https:\/\/tdgibelgium.com\/nl\/2nd-international-congress-lusiadas-saude\/"},"wordCount":83,"publisher":{"@id":"https:\/\/tdgibelgium.com\/#organization"},"image":{"@id":"https:\/\/tdgibelgium.com\/nl\/2nd-international-congress-lusiadas-saude\/#primaryimage"},"thumbnailUrl":"https:\/\/tdgibelgium.com\/wp-content\/uploads\/NOTICIAS_2015_2_congresso_lusiadas_saude.jpg","articleSection":["2015"],"inLanguage":"nl-NL"},{"@type":"WebPage","@id":"https:\/\/tdgibelgium.com\/nl\/2nd-international-congress-lusiadas-saude\/","url":"https:\/\/tdgibelgium.com\/nl\/2nd-international-congress-lusiadas-saude\/","name":"2nd INTERNATIONAL CONGRESS LUS\u00cdADAS SA\u00daDE - TDGI Belgique et Luxembourg","isPartOf":{"@id":"https:\/\/tdgibelgium.com\/#website"},"primaryImageOfPage":{"@id":"https:\/\/tdgibelgium.com\/nl\/2nd-international-congress-lusiadas-saude\/#primaryimage"},"image":{"@id":"https:\/\/tdgibelgium.com\/nl\/2nd-international-congress-lusiadas-saude\/#primaryimage"},"thumbnailUrl":"https:\/\/tdgibelgium.com\/wp-content\/uploads\/NOTICIAS_2015_2_congresso_lusiadas_saude.jpg","datePublished":"2015-10-20T16:38:13+00:00","dateModified":"2021-03-18T14:40:21+00:00","breadcrumb":{"@id":"https:\/\/tdgibelgium.com\/nl\/2nd-international-congress-lusiadas-saude\/#breadcrumb"},"inLanguage":"nl-NL","potentialAction":[{"@type":"ReadAction","target":["https:\/\/tdgibelgium.com\/nl\/2nd-international-congress-lusiadas-saude\/"]}]},{"@type":"ImageObject","inLanguage":"nl-NL","@id":"https:\/\/tdgibelgium.com\/nl\/2nd-international-congress-lusiadas-saude\/#primaryimage","url":"https:\/\/tdgibelgium.com\/wp-content\/uploads\/NOTICIAS_2015_2_congresso_lusiadas_saude.jpg","contentUrl":"https:\/\/tdgibelgium.com\/wp-content\/uploads\/NOTICIAS_2015_2_congresso_lusiadas_saude.jpg","width":1080,"height":674,"caption":"2E CONGR\u00c8S INTERNATIONAL LUS\u00cdADAS SA\u00daDE"},{"@type":"BreadcrumbList","@id":"https:\/\/tdgibelgium.com\/nl\/2nd-international-congress-lusiadas-saude\/#breadcrumb","itemListElement":[{"@type":"ListItem","position":1,"name":"In\u00edcio","item":"https:\/\/tdgibelgium.com\/nl\/home\/"},{"@type":"ListItem","position":2,"name":"2nd INTERNATIONAL CONGRESS LUS\u00cdADAS SA\u00daDE"}]},{"@type":"WebSite","@id":"https:\/\/tdgibelgium.com\/#website","url":"https:\/\/tdgibelgium.com\/","name":"TDGI Belgique et Luxembourg","description":"","publisher":{"@id":"https:\/\/tdgibelgium.com\/#organization"},"potentialAction":[{"@type":"SearchAction","target":{"@type":"EntryPoint","urlTemplate":"https:\/\/tdgibelgium.com\/?s={search_term_string}"},"query-input":{"@type":"PropertyValueSpecification","valueRequired":true,"valueName":"search_term_string"}}],"inLanguage":"nl-NL"},{"@type":"Organization","@id":"https:\/\/tdgibelgium.com\/#organization","name":"TDGI Portugal","url":"https:\/\/tdgibelgium.com\/","logo":{"@type":"ImageObject","inLanguage":"nl-NL","@id":"https:\/\/tdgibelgium.com\/#\/schema\/logo\/image\/","url":"https:\/\/tdgibelgium.com\/wp-content\/uploads\/2018\/01\/logo_TDGI_home_2.png","contentUrl":"https:\/\/tdgibelgium.com\/wp-content\/uploads\/2018\/01\/logo_TDGI_home_2.png","width":170,"height":77,"caption":"TDGI Portugal"},"image":{"@id":"https:\/\/tdgibelgium.com\/#\/schema\/logo\/image\/"},"sameAs":["https:\/\/x.com\/TDGI_MKT","https:\/\/www.linkedin.com\/company\/tdgi-s-a----tecnologia-de-gest-o-de-im-veis-s-a-?trk=vsrp_companies_res_name&amp;amp;amp;amp;amp;amp;amp;amp;amp;amp;amp;amp;amp;amp;trkInfo=VSRPsearchId:628596361443539372973,VSRPtargetId:372731,VSRPcmpt:primary","https:\/\/www.linkedin.com\/company\/tdgi-s-a----tecnologia-de-gest-o-de-im-veis-s-a-?trk=vsrp_companies_res_name&amp;amp;amp;amp;amp;amp;amp;amp;amp;amp;amp;amp;trkInfo=VSRPsearchId:628596361443539372973,VSRPtargetId:372731,VSRPcmpt:primary","https:\/\/www.youtube.com\/user\/TDGIWorld"]},{"@type":"Person","@id":"https:\/\/tdgibelgium.com\/#\/schema\/person\/5e1a3e1af649188a962c3d21b1c8be73","name":"Admin TDGI","image":{"@type":"ImageObject","inLanguage":"nl-NL","@id":"https:\/\/secure.gravatar.com\/avatar\/04ac348f36427137dc9b938816c6466cfcfeb2b9084edc7467217e324922e2d3?s=96&d=mm&r=g","url":"https:\/\/secure.gravatar.com\/avatar\/04ac348f36427137dc9b938816c6466cfcfeb2b9084edc7467217e324922e2d3?s=96&d=mm&r=g","contentUrl":"https:\/\/secure.gravatar.com\/avatar\/04ac348f36427137dc9b938816c6466cfcfeb2b9084edc7467217e324922e2d3?s=96&d=mm&r=g","caption":"Admin TDGI"}}]}},"_links":{"self":[{"href":"https:\/\/tdgibelgium.com\/nl\/wp-json\/wp\/v2\/posts\/12514","targetHints":{"allow":["GET"]}}],"collection":[{"href":"https:\/\/tdgibelgium.com\/nl\/wp-json\/wp\/v2\/posts"}],"about":[{"href":"https:\/\/tdgibelgium.com\/nl\/wp-json\/wp\/v2\/types\/post"}],"author":[{"embeddable":true,"href":"https:\/\/tdgibelgium.com\/nl\/wp-json\/wp\/v2\/users\/1"}],"replies":[{"embeddable":true,"href":"https:\/\/tdgibelgium.com\/nl\/wp-json\/wp\/v2\/comments?post=12514"}],"version-history":[{"count":2,"href":"https:\/\/tdgibelgium.com\/nl\/wp-json\/wp\/v2\/posts\/12514\/revisions"}],"predecessor-version":[{"id":12517,"href":"https:\/\/tdgibelgium.com\/nl\/wp-json\/wp\/v2\/posts\/12514\/revisions\/12517"}],"wp:featuredmedia":[{"embeddable":true,"href":"https:\/\/tdgibelgium.com\/nl\/wp-json\/wp\/v2\/media\/12515"}],"wp:attachment":[{"href":"https:\/\/tdgibelgium.com\/nl\/wp-json\/wp\/v2\/media?parent=12514"}],"wp:term":[{"taxonomy":"category","embeddable":true,"href":"https:\/\/tdgibelgium.com\/nl\/wp-json\/wp\/v2\/categories?post=12514"},{"taxonomy":"post_tag","embeddable":true,"href":"https:\/\/tdgibelgium.com\/nl\/wp-json\/wp\/v2\/tags?post=12514"}],"curies":[{"name":"wp","href":"https:\/\/api.w.org\/{rel}","templated":true}]}}